{"id":45405,"date":"2025-07-06T06:18:39","date_gmt":"2025-07-06T13:18:39","guid":{"rendered":"https:\/\/www.fastpitchwest.com\/?p=45405"},"modified":"2025-07-07T15:19:51","modified_gmt":"2025-07-07T22:19:51","slug":"tdf","status":"publish","type":"post","link":"https:\/\/www.fastpitchwest.com\/?p=45405","title":{"rendered":"TDF"},"content":{"rendered":"\n<figure class=\"wp-block-embed is-type-rich is-provider-twitter wp-block-embed-twitter\"><div class=\"wp-block-embed__wrapper\">\n<blockquote class=\"twitter-tweet\" data-width=\"500\" data-dnt=\"true\"><p lang=\"en\" dir=\"ltr\">Tour de France week has arrived! ?? <a href=\"https:\/\/twitter.com\/hashtag\/TDF2025?src=hash&amp;ref_src=twsrc%5Etfw\">#TDF2025<\/a> ?: Peacock <a href=\"https:\/\/t.co\/caIevJ3FY0\">pic.twitter.com\/caIevJ3FY0<\/a><\/p>&mdash; NBC Sports Cycling (@NBCSCycling) <a href=\"https:\/\/twitter.com\/NBCSCycling\/status\/1939693154174947836?ref_src=twsrc%5Etfw\">June 30, 2025<\/a><\/blockquote><script async src=\"https:\/\/platform.twitter.com\/widgets.js\" charset=\"utf-8\"><\/script>\n<\/div><\/figure>\n\n\n\n<p>Tour de France. I know, what&#8217;s this doing on <strong>Fastpitch West<\/strong>? Just a nod to my cycling friends and fans of the race, which started on Saturday, July 5.   July will be, of course, the biggest month for fastpitch fans, with the WBSC World Cup and more just around the corner.  But it&#8217;s also the month for road cycling.<\/p>\n\n\n\n<p>The Tour de France is cycling&#8217;s ultimate test of endurance &#8211; a three-week odyssey across France covering over 2,000 miles of punishing terrain. Riders battle mountain passes, sprint stages, and time trials while racing against the world&#8217;s best cyclists. It&#8217;s considered the most prestigious and grueling bicycle race on Earth, where only the strongest survive to reach Paris and claim the coveted yellow jersey.<\/p>\n\n\n\n<table border=\"1\" cellspacing=\"0\" cellpadding=\"5\" style=\"border-collapse: collapse; width: 100%;\">\n  <thead style=\"background-color: #4CAF50; color: white;\">\n    <tr>\n      <th>Stage<\/th>\n      <th>Date<\/th>\n      <th>Start &gt; Finish<\/th>\n      <th>Type<\/th>\n      <th>Distance (km)<\/th>\n      <th>Distance (mi)<\/th>\n      <th>Winner<\/th>\n    <\/tr>\n  <\/thead>\n  <tbody>\n    <tr style=\"background-color: #f2f2f2;\">\n      <td>1<\/td>\n      <td>Sat 07\/05<\/td>\n      <td>Lille M\u00e9tropole &gt; Lille M\u00e9tropole<\/td>\n      <td>Flat<\/td>\n      <td>184.9<\/td>\n      <td>114.9<\/td>\n      <td>Jasper Philipsen (ADC)<\/td>\n    <\/tr>\n  <\/tbody>\n<\/table>\n\n\n\n\n<p><strong>Jasper Philipsen<\/strong>&nbsp;claimed the first yellow jersey of the 2025 Tour de France after winning the opening stage in a sprint finish.<\/p>\n\n\n\n<figure class=\"wp-block-embed is-type-rich is-provider-twitter wp-block-embed-twitter\"><div class=\"wp-block-embed__wrapper\">\n<blockquote class=\"twitter-tweet\" data-width=\"500\" data-dnt=\"true\"><p lang=\"en\" dir=\"ltr\">New bike for Jasper Philipsen ?<br><br>?: canyon <a href=\"https:\/\/twitter.com\/hashtag\/TDF2025?src=hash&amp;ref_src=twsrc%5Etfw\">#TDF2025<\/a> <a href=\"https:\/\/t.co\/RT2IB9zo1b\">pic.twitter.com\/RT2IB9zo1b<\/a><\/p>&mdash; Luk\u00e1\u0161 Ronald Luk\u00e1cs (@lucasaganronald) <a href=\"https:\/\/twitter.com\/lucasaganronald\/status\/1941787444740809199?ref_src=twsrc%5Etfw\">July 6, 2025<\/a><\/blockquote><script async src=\"https:\/\/platform.twitter.com\/widgets.js\" charset=\"utf-8\"><\/script>\n<\/div><\/figure>\n\n\n\n<p><strong>Mathieu van der Poel<\/strong> is the rider I root for, in part because we both ride the same bike. (Canyon). He &nbsp;is riding for Alpecin-Deceuninck at the 2025 Tour de France. &nbsp;Van der Poel played a key role in helping his teammate Philipsen secure the yellow jersey, in the first stage, acting as a crucial part of the team&#8217;s sprint train<a href=\"https:\/\/cyclinguptodate.com\/cycling\/the-team-has-given-me-so-many-great-victories-mathieu-van-der-poel-repays-alpecin-deceuninck-by-helping-jasper-philipsen-secure-tour-de-france-yellow-jersey\" target=\"_blank\" rel=\"noreferrer noopener\"><\/a><a href=\"https:\/\/www.flobikes.com\/articles\/14368144-tour-de-france-2025-stage-1-results-philipsen-takes-stage-and-yellow\" target=\"_blank\" rel=\"noreferrer noopener\"><\/a>. Can anyone beat <strong>Tadej Pogacar<\/strong> ? Perhaps not, but it will be a great month to watch the race unfold.<\/p>\n\n\n\n<figure class=\"wp-block-embed is-type-rich is-provider-twitter wp-block-embed-twitter\"><div class=\"wp-block-embed__wrapper\">\n<blockquote class=\"twitter-tweet\" data-width=\"500\" data-dnt=\"true\"><p lang=\"en\" dir=\"ltr\">? It&#39;s <a href=\"https:\/\/twitter.com\/hashtag\/TDF2025?src=hash&amp;ref_src=twsrc%5Etfw\">#TDF2025<\/a> week ? <a href=\"https:\/\/t.co\/yZI2VkW6sC\">pic.twitter.com\/yZI2VkW6sC<\/a><\/p>&mdash; Tour de France\u2122 (@LeTour) <a href=\"https:\/\/twitter.com\/LeTour\/status\/1939620315862036786?ref_src=twsrc%5Etfw\">June 30, 2025<\/a><\/blockquote><script async src=\"https:\/\/platform.twitter.com\/widgets.js\" charset=\"utf-8\"><\/script>\n<\/div><\/figure>\n","protected":false},"excerpt":{"rendered":"<p>Tour de France. I know, what&#8217;s this doing on Fastpitch West? Just a nod to my cycling friends and fans of the race, which started on Saturday, July 5. July will be, of course, the biggest month for fastpitch fans, with the WBSC World Cup and more just around the corner. But it&#8217;s also the [&hellip;]<\/p>\n","protected":false},"author":1,"featured_media":0,"comment_status":"open","ping_status":"open","sticky":false,"template":"","format":"standard","meta":{"_genesis_hide_title":false,"_genesis_hide_breadcrumbs":false,"_genesis_hide_singular_image":false,"_genesis_hide_footer_widgets":false,"_genesis_custom_body_class":"","_genesis_custom_post_class":"","_genesis_layout":"","footnotes":""},"categories":[28,8],"tags":[1622,1623],"class_list":{"0":"post-45405","1":"post","2":"type-post","3":"status-publish","4":"format-standard","6":"category-featured","7":"category-general","8":"tag-tdf","9":"tag-tdf2025","10":"entry"},"_links":{"self":[{"href":"https:\/\/www.fastpitchwest.com\/index.php?rest_route=\/wp\/v2\/posts\/45405","targetHints":{"allow":["GET"]}}],"collection":[{"href":"https:\/\/www.fastpitchwest.com\/index.php?rest_route=\/wp\/v2\/posts"}],"about":[{"href":"https:\/\/www.fastpitchwest.com\/index.php?rest_route=\/wp\/v2\/types\/post"}],"author":[{"embeddable":true,"href":"https:\/\/www.fastpitchwest.com\/index.php?rest_route=\/wp\/v2\/users\/1"}],"replies":[{"embeddable":true,"href":"https:\/\/www.fastpitchwest.com\/index.php?rest_route=%2Fwp%2Fv2%2Fcomments&post=45405"}],"version-history":[{"count":8,"href":"https:\/\/www.fastpitchwest.com\/index.php?rest_route=\/wp\/v2\/posts\/45405\/revisions"}],"predecessor-version":[{"id":45556,"href":"https:\/\/www.fastpitchwest.com\/index.php?rest_route=\/wp\/v2\/posts\/45405\/revisions\/45556"}],"wp:attachment":[{"href":"https:\/\/www.fastpitchwest.com\/index.php?rest_route=%2Fwp%2Fv2%2Fmedia&parent=45405"}],"wp:term":[{"taxonomy":"category","embeddable":true,"href":"https:\/\/www.fastpitchwest.com\/index.php?rest_route=%2Fwp%2Fv2%2Fcategories&post=45405"},{"taxonomy":"post_tag","embeddable":true,"href":"https:\/\/www.fastpitchwest.com\/index.php?rest_route=%2Fwp%2Fv2%2Ftags&post=45405"}],"curies":[{"name":"wp","href":"https:\/\/api.w.org\/{rel}","templated":true}]}}