{"id":45528,"date":"2025-07-07T07:33:36","date_gmt":"2025-07-07T14:33:36","guid":{"rendered":"https:\/\/www.fastpitchwest.com\/?p=45528"},"modified":"2025-07-07T15:19:00","modified_gmt":"2025-07-07T22:19:00","slug":"tdf-2","status":"publish","type":"post","link":"https:\/\/www.fastpitchwest.com\/?p=45528","title":{"rendered":"TDF 2"},"content":{"rendered":"\n<p>Mixed in with all the fastpitch news, my report on my other favorite sporting event, the <strong>Tour de France<\/strong>. I got home from my Sunday cycling ride in time to learn that my rooting favorite, <strong>Mathieu van der Poel<\/strong>&nbsp;(mentioned in my morning post) had won the second stage of the Tour de France. A deserving win for a racer who is often the one that others are drafting on. (He led the paceline for teammate <strong>Jasper Philipsen<\/strong> on Day 1, helping him win the yellow jersey for the opening stage of the race.)  Overall race favorites Tadej Pogacar and Jonas Vingegaard finished second and third respectively.<\/p>\n\n\n\n<table border=\"1\" cellspacing=\"0\" cellpadding=\"5\" style=\"border-collapse: collapse; width: 100%;\">\n  <thead style=\"background-color: #4CAF50; color: white;\">\n    <tr>\n      <th>Stage<\/th>\n      <th>Date<\/th>\n      <th>Start &gt; Finish<\/th>\n      <th>Type<\/th>\n      <th>Distance (km)<\/th>\n      <th>Distance (mi)<\/th>\n      <th>Winner<\/th>\n    <\/tr>\n  <\/thead>\n  <tbody>\n    <tr style=\"background-color: #f2f2f2;\">\n      <td>2<\/td>\n      <td>Sun 07\/06<\/td>\n      <td>Lauwin-Planque &gt; Boulogne-sur-Mer<\/td>\n      <td>Hilly<\/td>\n      <td>209.1<\/td>\n      <td>129.9<\/td>\n      <td>Mathieu van der Poel (ADC)<\/td>\n    <\/tr>\n  <\/tbody>\n<\/table>\n\n\n\n\n<figure class=\"wp-block-embed is-type-rich is-provider-twitter wp-block-embed-twitter\"><div class=\"wp-block-embed__wrapper\">\n<blockquote class=\"twitter-tweet\" data-width=\"500\" data-dnt=\"true\"><p lang=\"en\" dir=\"ltr\">WHAT A PHOTO ?<br><br>?: uaeteamemirates <a href=\"https:\/\/twitter.com\/hashtag\/TDF2025?src=hash&amp;ref_src=twsrc%5Etfw\">#TDF2025<\/a> <a href=\"https:\/\/t.co\/KdngfFfbpN\">pic.twitter.com\/KdngfFfbpN<\/a><\/p>&mdash; Luk\u00e1\u0161 Ronald Luk\u00e1cs (@lucasaganronald) <a href=\"https:\/\/twitter.com\/lucasaganronald\/status\/1941888908784017596?ref_src=twsrc%5Etfw\">July 6, 2025<\/a><\/blockquote><script async src=\"https:\/\/platform.twitter.com\/widgets.js\" charset=\"utf-8\"><\/script>\n<\/div><\/figure>\n\n\n\n<p>Yes, that&#8217;s two wins from two stages for the Alpecin-Deceuninck team at the 2025 Tour de France, if you&#8217;re keeping score at home. Van der Poel takes over the race lead from his team-mate Jasper Philipsen.<\/p>\n\n\n\n<p><a href=\"https:\/\/www.youtube.com\/watch?v=wTTkiZT-MVA\">Here&#8217;s the last km of Stage 2,<\/a> with Van der Poel out-running last year&#8217;s TDF winner, Tadej Pogacar, regarded as the best in the world:<\/p>\n\n\n\n<figure class=\"wp-block-embed is-type-video is-provider-youtube wp-block-embed-youtube wp-embed-aspect-16-9 wp-has-aspect-ratio\"><div class=\"wp-block-embed__wrapper\">\n<iframe loading=\"lazy\" title=\"Tour de France Stage 2 RACE REACTION: Mathieu van der Poel reflects after dramatic finish ?\" width=\"500\" height=\"281\" src=\"https:\/\/www.youtube.com\/embed\/X0HCtQ6F-lU?feature=oembed\" frameborder=\"0\" allow=\"accelerometer; autoplay; clipboard-write; encrypted-media; gyroscope; picture-in-picture; web-share\" referrerpolicy=\"strict-origin-when-cross-origin\" allowfullscreen><\/iframe>\n<\/div><\/figure>\n\n\n\n<p>For those following along at home, here is the calendar for the 21 stage event.  My legs get tired just looking at those mileage numbers. A century a day !<\/p>\n\n\n\n<!DOCTYPE html>\n<html lang=\"en\">\n<head>\n    <meta charset=\"UTF-8\">\n    <meta name=\"viewport\" content=\"width=device-width, initial-scale=1.0\">\n    <title>2025 Tour de France<\/title>\n    <style>\n        table {\n            width: 80%;\n            margin: 20px auto;\n            border-collapse: collapse;\n            font-family: Arial, sans-serif;\n        }\n        th, td {\n            padding: 12px;\n            text-align: left;\n            border: 1px solid #ddd;\n        }\n        th {\n            background-color: #4CAF50;\n            color: white;\n        }\n        tr:nth-child(even) {\n            background-color: #f2f2f2;\n        }\n        tr:hover {\n            background-color: #ddd;\n        }\n        caption {\n            font-size: 1.2em;\n            font-weight: bold;\n            padding: 10px;\n            background-color: #e6e6e6;\n        }\n    <\/style>\n<\/head>\n<body>\n    <table>\n        <caption>2025 Tour de France<\/caption>\n        <thead>\n            <tr>\n                <th>Stage<\/th>\n                <th>Date<\/th>\n                <th>Start > Finish<\/th>\n                <th>Type<\/th>\n                <th>Distance (km)<\/th>\n                <th>Distance (mi)<\/th>\n            <\/tr>\n        <\/thead>\n        <tbody>\n            <tr>\n                <td>1<\/td>\n                <td>Sat 07\/05<\/td>\n                <td>Lille M\u00e9tropole > Lille M\u00e9tropole<\/td>\n                <td>Flat<\/td>\n                <td>184.9<\/td>\n                <td>114.9<\/td>\n            <\/tr>\n            <tr>\n                <td>2<\/td>\n                <td>Sun 07\/06<\/td>\n                <td>Lauwin-Planque > Boulogne-sur-Mer<\/td>\n                <td>Hilly<\/td>\n                <td>209.1<\/td>\n                <td>129.9<\/td>\n            <\/tr>\n            <tr>\n                <td>3<\/td>\n                <td>Mon 07\/07<\/td>\n                <td>Valenciennes > Dunkerque<\/td>\n                <td>Flat<\/td>\n                <td>178.3<\/td>\n                <td>110.8<\/td>\n            <\/tr>\n            <tr>\n                <td>4<\/td>\n                <td>Tue 07\/08<\/td>\n                <td>Amiens M\u00e9tropole > Rouen<\/td>\n                <td>Hilly<\/td>\n                <td>174.2<\/td>\n                <td>108.2<\/td>\n            <\/tr>\n            <tr>\n                <td>5<\/td>\n                <td>Wed 07\/09<\/td>\n                <td>Caen > Caen<\/td>\n                <td>Time trial<\/td>\n                <td>33.0<\/td>\n                <td>20.5<\/td>\n            <\/tr>\n            <tr>\n                <td>6<\/td>\n                <td>Thu 07\/10<\/td>\n                <td>Bayeux > Vire Normandie<\/td>\n                <td>Hilly<\/td>\n                <td>201.5<\/td>\n                <td>125.2<\/td>\n            <\/tr>\n            <tr>\n                <td>7<\/td>\n                <td>Fri 07\/11<\/td>\n                <td>Saint-Malo > M\u00fbr-de-Bretagne Guerl\u00e9dan<\/td>\n                <td>Hilly<\/td>\n                <td>197.0<\/td>\n                <td>122.4<\/td>\n            <\/tr>\n            <tr>\n                <td>8<\/td>\n                <td>Sat 07\/12<\/td>\n                <td>Saint-M\u00e9en-le-Grand > Laval Espace Mayenne<\/td>\n                <td>Flat<\/td>\n                <td>171.4<\/td>\n                <td>106.5<\/td>\n            <\/tr>\n            <tr>\n                <td>9<\/td>\n                <td>Sun 07\/13<\/td>\n                <td>Chinon > Ch\u00e2teauroux<\/td>\n                <td>Flat<\/td>\n                <td>174.1<\/td>\n                <td>108.2<\/td>\n            <\/tr>\n            <tr>\n                <td>10<\/td>\n                <td>Mon 07\/14<\/td>\n                <td>Ennezat > Le Mont-Dore Puy de Sancy<\/td>\n                <td>Mountain<\/td>\n                <td>165.3<\/td>\n                <td>102.7<\/td>\n            <\/tr>\n            <tr>\n                <td>&#8211;<\/td>\n                <td>Tue 07\/15<\/td>\n                <td>Toulouse (Rest Day)<\/td>\n                <td>&#8211;<\/td>\n                <td>&#8211;<\/td>\n                <td>&#8211;<\/td>\n            <\/tr>\n            <tr>\n                <td>11<\/td>\n                <td>Wed 07\/16<\/td>\n                <td>Toulouse > Toulouse<\/td>\n                <td>Flat<\/td>\n                <td>156.8<\/td>\n                <td>97.4<\/td>\n            <\/tr>\n            <tr>\n                <td>12<\/td>\n                <td>Thu 07\/17<\/td>\n                <td>Auch > Hautacam<\/td>\n                <td>Mountain<\/td>\n                <td>180.6<\/td>\n                <td>112.3<\/td>\n            <\/tr>\n            <tr>\n                <td>13<\/td>\n                <td>Fri 07\/18<\/td>\n                <td>Loudenvielle > Peyragudes<\/td>\n                <td>Time trial<\/td>\n                <td>10.9<\/td>\n                <td>6.8<\/td>\n            <\/tr>\n            <tr>\n                <td>14<\/td>\n                <td>Sat 07\/19<\/td>\n                <td>Pau > Luchon-Superbagn\u00e8res<\/td>\n                <td>Mountain<\/td>\n                <td>182.6<\/td>\n                <td>113.5<\/td>\n            <\/tr>\n            <tr>\n                <td>15<\/td>\n                <td>Sun 07\/20<\/td>\n                <td>Muret > Carcassonne<\/td>\n                <td>Hilly<\/td>\n                <td>169.3<\/td>\n                <td>105.2<\/td>\n            <\/tr>\n            <tr>\n                <td>&#8211;<\/td>\n                <td>Mon 07\/21<\/td>\n                <td>Montpellier (Rest Day)<\/td>\n                <td>&#8211;<\/td>\n                <td>&#8211;<\/td>\n                <td>&#8211;<\/td>\n            <\/tr>\n            <tr>\n                <td>16<\/td>\n                <td>Tue 07\/22<\/td>\n                <td>Montpellier > Mont Ventoux<\/td>\n                <td>Mountain<\/td>\n                <td>171.5<\/td>\n                <td>106.6<\/td>\n            <\/tr>\n            <tr>\n                <td>17<\/td>\n                <td>Wed 07\/23<\/td>\n                <td>Boll\u00e8ne > Valence<\/td>\n                <td>Flat<\/td>\n                <td>160.4<\/td>\n                <td>99.7<\/td>\n            <\/tr>\n            <tr>\n                <td>18<\/td>\n                <td>Thu 07\/24<\/td>\n                <td>Vif > Courchevel Col de la Loze<\/td>\n                <td>Mountain<\/td>\n                <td>171.5<\/td>\n                <td>106.6<\/td>\n            <\/tr>\n            <tr>\n                <td>19<\/td>\n                <td>Fri 07\/25<\/td>\n                <td>Albertville > La Plagne<\/td>\n                <td>Mountain<\/td>\n                <td>129.9<\/td>\n                <td>80.7<\/td>\n            <\/tr>\n            <tr>\n                <td>20<\/td>\n                <td>Sat 07\/26<\/td>\n                <td>Nantua > Pontarlier<\/td>\n                <td>Hilly<\/td>\n                <td>184.2<\/td>\n                <td>114.5<\/td>\n            <\/tr>\n            <tr>\n                <td>21<\/td>\n                <td>Sun 07\/27<\/td>\n                <td>Mantes-la-Ville > Paris Champs-\u00c9lys\u00e9es<\/td>\n                <td>Flat<\/td>\n                <td>132.3<\/td>\n                <td>82.2<\/td>\n            <\/tr>\n        <\/tbody>\n    <\/table>\n<\/body>\n<\/html>\n\n\n\n<p><\/p>\n","protected":false},"excerpt":{"rendered":"<p>Mixed in with all the fastpitch news, my report on my other favorite sporting event, the Tour de France. I got home from my Sunday cycling ride in time to learn that my rooting favorite, Mathieu van der Poel&nbsp;(mentioned in my morning post) had won the second stage of the Tour de France. A deserving [&hellip;]<\/p>\n","protected":false},"author":1,"featured_media":0,"comment_status":"open","ping_status":"open","sticky":false,"template":"","format":"standard","meta":{"_genesis_hide_title":false,"_genesis_hide_breadcrumbs":false,"_genesis_hide_singular_image":false,"_genesis_hide_footer_widgets":false,"_genesis_custom_body_class":"","_genesis_custom_post_class":"","_genesis_layout":"","footnotes":""},"categories":[28,8],"tags":[1622,1623],"class_list":{"0":"post-45528","1":"post","2":"type-post","3":"status-publish","4":"format-standard","6":"category-featured","7":"category-general","8":"tag-tdf","9":"tag-tdf2025","10":"entry"},"_links":{"self":[{"href":"https:\/\/www.fastpitchwest.com\/index.php?rest_route=\/wp\/v2\/posts\/45528","targetHints":{"allow":["GET"]}}],"collection":[{"href":"https:\/\/www.fastpitchwest.com\/index.php?rest_route=\/wp\/v2\/posts"}],"about":[{"href":"https:\/\/www.fastpitchwest.com\/index.php?rest_route=\/wp\/v2\/types\/post"}],"author":[{"embeddable":true,"href":"https:\/\/www.fastpitchwest.com\/index.php?rest_route=\/wp\/v2\/users\/1"}],"replies":[{"embeddable":true,"href":"https:\/\/www.fastpitchwest.com\/index.php?rest_route=%2Fwp%2Fv2%2Fcomments&post=45528"}],"version-history":[{"count":15,"href":"https:\/\/www.fastpitchwest.com\/index.php?rest_route=\/wp\/v2\/posts\/45528\/revisions"}],"predecessor-version":[{"id":45555,"href":"https:\/\/www.fastpitchwest.com\/index.php?rest_route=\/wp\/v2\/posts\/45528\/revisions\/45555"}],"wp:attachment":[{"href":"https:\/\/www.fastpitchwest.com\/index.php?rest_route=%2Fwp%2Fv2%2Fmedia&parent=45528"}],"wp:term":[{"taxonomy":"category","embeddable":true,"href":"https:\/\/www.fastpitchwest.com\/index.php?rest_route=%2Fwp%2Fv2%2Fcategories&post=45528"},{"taxonomy":"post_tag","embeddable":true,"href":"https:\/\/www.fastpitchwest.com\/index.php?rest_route=%2Fwp%2Fv2%2Ftags&post=45528"}],"curies":[{"name":"wp","href":"https:\/\/api.w.org\/{rel}","templated":true}]}}